{"id":1518,"date":"2026-09-03T10:20:10","date_gmt":"2026-09-03T13:20:10","guid":{"rendered":"https:\/\/duasbarras.rj.gov.br\/site\/?p=1518"},"modified":"2026-09-03T10:20:10","modified_gmt":"2026-09-03T13:20:10","slug":"festa-da-padroeira-de-monnerat-nossa-senhora-da-guia","status":"publish","type":"post","link":"https:\/\/duasbarras.rj.gov.br\/site\/festa-da-padroeira-de-monnerat-nossa-senhora-da-guia\/","title":{"rendered":"Festa da Padroeira de Monnerat \u2014 Nossa Senhora da Guia"},"content":{"rendered":"<p class=\"PDq2pG_selectionAnchorContainer\" data-start=\"0\" data-end=\"27\"><strong data-start=\"0\" data-end=\"27\">MONNERAT EST\u00c1 EM FESTA!<\/strong><\/p>\n<p data-start=\"29\" data-end=\"243\">De <strong data-start=\"32\" data-end=\"55\">05 a 08 de setembro<\/strong>, o distrito de <strong data-start=\"71\" data-end=\"99\">Monnerat, em Duas Barras<\/strong>, celebra sua tradicional <strong data-start=\"125\" data-end=\"171\">Festa da Padroeira \u2014 Nossa Senhora da Guia<\/strong>, reunindo f\u00e9, tradi\u00e7\u00e3o, cultura, m\u00fasica e atra\u00e7\u00f5es para toda a fam\u00edlia.<\/p>\n<p data-start=\"245\" data-end=\"276\">Confira a programa\u00e7\u00e3o completa:<\/p>\n<p data-start=\"278\" data-end=\"382\">\ud83d\udcc5 <strong data-start=\"281\" data-end=\"308\">S\u00c1BADO | 05 DE SETEMBRO<\/strong><br data-start=\"308\" data-end=\"311\" \/>14h \u2014 Tarde da Fam\u00edlia<br data-start=\"333\" data-end=\"336\" \/>20h \u2014 Jo\u00e3o Loureiro<br data-start=\"355\" data-end=\"358\" \/>23h \u2014 Beijo Apimentado<\/p>\n<p data-start=\"384\" data-end=\"510\">\ud83d\udcc5 <strong data-start=\"387\" data-end=\"415\">DOMINGO | 06 DE SETEMBRO<\/strong><br data-start=\"415\" data-end=\"418\" \/>7h \u2014 Trilha da Independ\u00eancia<br data-start=\"446\" data-end=\"449\" \/>15h \u2014 Ananias<br data-start=\"462\" data-end=\"465\" \/>19h \u2014 Ant\u00f4nio Madalena<br data-start=\"487\" data-end=\"490\" \/>23h \u2014 Amanda Alves<\/p>\n<p data-start=\"512\" data-end=\"595\">\ud83d\udcc5 <strong data-start=\"515\" data-end=\"543\">SEGUNDA | 07 DE SETEMBRO<\/strong><br data-start=\"543\" data-end=\"546\" \/>8h30 \u2014 Desfile C\u00edvico<br data-start=\"567\" data-end=\"570\" \/>22h \u2014 Jeninho \u2014 MC Pe\u00e3o<\/p>\n<p data-start=\"597\" data-end=\"706\">\ud83d\udcc5 <strong data-start=\"600\" data-end=\"626\">TER\u00c7A | 08 DE SETEMBRO<\/strong><br data-start=\"626\" data-end=\"629\" \/><strong data-start=\"629\" data-end=\"684\">Dia de Nossa Senhora da Guia, Padroeira de Monnerat<\/strong><br data-start=\"684\" data-end=\"687\" \/>21h30 \u2014 Cida Lima<\/p>\n<p data-start=\"708\" data-end=\"771\">\ud83d\udccd <strong data-start=\"711\" data-end=\"771\">Pra\u00e7a Vi\u00fava Monnerat \u2014 Monnerat, Distrito de Duas Barras<\/strong><\/p>\n<p data-start=\"773\" data-end=\"904\">Prepare o cora\u00e7\u00e3o, re\u00fana a fam\u00edlia e chame os amigos. <strong data-start=\"827\" data-end=\"904\">Ser\u00e3o quatro dias para celebrar a f\u00e9, a tradi\u00e7\u00e3o e a alegria de Monnerat.<\/strong><\/p>\n<p data-start=\"906\" data-end=\"964\"><strong data-start=\"906\" data-end=\"964\">De 05 a 08 de setembro, venha viver essa grande festa!<\/strong><\/p>\n<p data-start=\"975\" data-end=\"1010\">_____________<br \/>\nPrefeitura Municipal de Duas Barras<br \/>\nSecretaria de Cultura e Turismo<br \/>\nFUNARJ<br \/>\nGoverno do Estado do Rio de Janeiro<br \/>\nSecretaria de Estado de Cultura e Economia Criativa<\/p>\n","protected":false},"excerpt":{"rendered":"<p>MONNERAT EST\u00c1 EM FESTA! De 05 a 08 de setembro, o distrito de Monnerat, em Duas Barras, celebra sua tradicional Festa da Padroeira \u2014 Nossa Senhora da Guia, reunindo f\u00e9, tradi\u00e7\u00e3o, cultura, m\u00fasica e atra\u00e7\u00f5es para toda a fam\u00edlia. Confira a programa\u00e7\u00e3o completa: \ud83d\udcc5 S\u00c1BADO | 05 DE SETEMBRO14h \u2014 Tarde da Fam\u00edlia20h \u2014 Jo\u00e3o [&hellip;]<\/p>\n","protected":false},"author":2,"featured_media":1519,"comment_status":"open","ping_status":"open","sticky":false,"template":"","format":"standard","meta":{"footnotes":""},"categories":[17],"tags":[],"class_list":["post-1518","post","type-post","status-publish","format-standard","has-post-thumbnail","hentry","category-secretaria-de-cultura-e-turismo"],"_links":{"self":[{"href":"https:\/\/duasbarras.rj.gov.br\/site\/wp-json\/wp\/v2\/posts\/1518","targetHints":{"allow":["GET"]}}],"collection":[{"href":"https:\/\/duasbarras.rj.gov.br\/site\/wp-json\/wp\/v2\/posts"}],"about":[{"href":"https:\/\/duasbarras.rj.gov.br\/site\/wp-json\/wp\/v2\/types\/post"}],"author":[{"embeddable":true,"href":"https:\/\/duasbarras.rj.gov.br\/site\/wp-json\/wp\/v2\/users\/2"}],"replies":[{"embeddable":true,"href":"https:\/\/duasbarras.rj.gov.br\/site\/wp-json\/wp\/v2\/comments?post=1518"}],"version-history":[{"count":1,"href":"https:\/\/duasbarras.rj.gov.br\/site\/wp-json\/wp\/v2\/posts\/1518\/revisions"}],"predecessor-version":[{"id":1520,"href":"https:\/\/duasbarras.rj.gov.br\/site\/wp-json\/wp\/v2\/posts\/1518\/revisions\/1520"}],"wp:featuredmedia":[{"embeddable":true,"href":"https:\/\/duasbarras.rj.gov.br\/site\/wp-json\/wp\/v2\/media\/1519"}],"wp:attachment":[{"href":"https:\/\/duasbarras.rj.gov.br\/site\/wp-json\/wp\/v2\/media?parent=1518"}],"wp:term":[{"taxonomy":"category","embeddable":true,"href":"https:\/\/duasbarras.rj.gov.br\/site\/wp-json\/wp\/v2\/categories?post=1518"},{"taxonomy":"post_tag","embeddable":true,"href":"https:\/\/duasbarras.rj.gov.br\/site\/wp-json\/wp\/v2\/tags?post=1518"}],"curies":[{"name":"wp","href":"https:\/\/api.w.org\/{rel}","templated":true}]}}