{"id":1426,"date":"2026-04-28T13:49:40","date_gmt":"2026-04-28T16:49:40","guid":{"rendered":"https:\/\/duasbarras.rj.gov.br\/site\/?p=1426"},"modified":"2026-04-28T13:53:59","modified_gmt":"2026-04-28T16:53:59","slug":"1426-2","status":"publish","type":"post","link":"https:\/\/duasbarras.rj.gov.br\/site\/1426-2\/","title":{"rendered":""},"content":{"rendered":"<p data-start=\"0\" data-end=\"238\">A Prefeitura de Duas Barras informa que est\u00e1 aberto o <strong>Credenciamento P\u00fablico n\u00ba 04\/2026<\/strong> para empresas interessadas em atuar no com\u00e9rcio autorizado durante as comemora\u00e7\u00f5es dos <strong>135 anos de emancipa\u00e7\u00e3o pol\u00edtico-administrativa do munic\u00edpio.<\/strong><\/p>\n<p data-start=\"240\" data-end=\"602\">As inscri\u00e7\u00f5es devem ser realizadas presencialmente na sede da Prefeitura, entre os dias <strong>28 e 30 de abril de 2026, das 10h \u00e0s 12h e das 13h \u00e0s 16h,<\/strong> mediante apresenta\u00e7\u00e3o da documenta\u00e7\u00e3o exigida. O credenciamento \u00e9 voltado para empreendedores que desejam comercializar alimentos, bebidas e produtos artesanais durante o evento, que acontecer\u00e1 de <strong>08 a 10 de maio.<\/strong><\/p>\n<p data-start=\"604\" data-end=\"1100\">De acordo com o decreto, a sele\u00e7\u00e3o ser\u00e1 feita por sistema de pontua\u00e7\u00e3o, considerando crit\u00e9rios como v\u00ednculo com o munic\u00edpio, tempo de atividade e hist\u00f3rico de participa\u00e7\u00e3o em eventos anteriores. Tamb\u00e9m \u00e9 obrigat\u00f3ria a regularidade fiscal, com apresenta\u00e7\u00e3o de alvar\u00e1 e certid\u00f5es negativas. Em caso de aprova\u00e7\u00e3o, os selecionados dever\u00e3o assinar um termo de compromisso e cumprir normas espec\u00edficas, como regras sanit\u00e1rias, padroniza\u00e7\u00e3o das barracas e proibi\u00e7\u00e3o de bebidas em recipientes de vidro.<\/p>\n<p data-start=\"1102\" data-end=\"1408\">Cada expositor ser\u00e1 respons\u00e1vel pela montagem de sua estrutura, respeitando os padr\u00f5es definidos pela organiza\u00e7\u00e3o. O funcionamento dos estandes seguir\u00e1 os hor\u00e1rios oficiais do evento.<\/p>\n<p data-start=\"1410\" data-end=\"1644\" data-is-last-node=\"\" data-is-only-node=\"\">O decreto\/edital completo, com todas as regras, crit\u00e9rios e exig\u00eancias, pode ser acessado no link abaixo:<br data-start=\"1515\" data-end=\"1518\" \/>\ud83d\udd17 <a class=\"decorated-link\" href=\"https:\/\/www.diariomunicipal.com.br\/aemerj\/materia\/19E0D6E5\/978367d49397a4e4ac1fd803412ce812978367d49397a4e4ac1fd803412ce812\" rel=\"noopener\" data-start=\"1521\" data-end=\"1644\" data-is-last-node=\"\">https:\/\/www.diariomunicipal.com.br\/aemerj<\/a><\/p>\n<p>_______<br \/>\n<strong>Prefeitura Municipal de Duas Barras<\/strong><br \/>\n<strong>Secretaria Cultura e Turismo<\/strong><\/p>\n","protected":false},"excerpt":{"rendered":"<p>A Prefeitura de Duas Barras informa que est\u00e1 aberto o Credenciamento P\u00fablico n\u00ba 04\/2026 para empresas interessadas em atuar no com\u00e9rcio autorizado durante as comemora\u00e7\u00f5es dos 135 anos de emancipa\u00e7\u00e3o pol\u00edtico-administrativa do munic\u00edpio. As inscri\u00e7\u00f5es devem ser realizadas presencialmente na sede da Prefeitura, entre os dias 28 e 30 de abril de 2026, das 10h [&hellip;]<\/p>\n","protected":false},"author":2,"featured_media":1427,"comment_status":"open","ping_status":"open","sticky":false,"template":"","format":"standard","meta":{"footnotes":""},"categories":[17],"tags":[],"class_list":["post-1426","post","type-post","status-publish","format-standard","has-post-thumbnail","hentry","category-secretaria-de-cultura-e-turismo"],"_links":{"self":[{"href":"https:\/\/duasbarras.rj.gov.br\/site\/wp-json\/wp\/v2\/posts\/1426","targetHints":{"allow":["GET"]}}],"collection":[{"href":"https:\/\/duasbarras.rj.gov.br\/site\/wp-json\/wp\/v2\/posts"}],"about":[{"href":"https:\/\/duasbarras.rj.gov.br\/site\/wp-json\/wp\/v2\/types\/post"}],"author":[{"embeddable":true,"href":"https:\/\/duasbarras.rj.gov.br\/site\/wp-json\/wp\/v2\/users\/2"}],"replies":[{"embeddable":true,"href":"https:\/\/duasbarras.rj.gov.br\/site\/wp-json\/wp\/v2\/comments?post=1426"}],"version-history":[{"count":2,"href":"https:\/\/duasbarras.rj.gov.br\/site\/wp-json\/wp\/v2\/posts\/1426\/revisions"}],"predecessor-version":[{"id":1429,"href":"https:\/\/duasbarras.rj.gov.br\/site\/wp-json\/wp\/v2\/posts\/1426\/revisions\/1429"}],"wp:featuredmedia":[{"embeddable":true,"href":"https:\/\/duasbarras.rj.gov.br\/site\/wp-json\/wp\/v2\/media\/1427"}],"wp:attachment":[{"href":"https:\/\/duasbarras.rj.gov.br\/site\/wp-json\/wp\/v2\/media?parent=1426"}],"wp:term":[{"taxonomy":"category","embeddable":true,"href":"https:\/\/duasbarras.rj.gov.br\/site\/wp-json\/wp\/v2\/categories?post=1426"},{"taxonomy":"post_tag","embeddable":true,"href":"https:\/\/duasbarras.rj.gov.br\/site\/wp-json\/wp\/v2\/tags?post=1426"}],"curies":[{"name":"wp","href":"https:\/\/api.w.org\/{rel}","templated":true}]}}