{"id":1421,"date":"2026-04-28T13:37:51","date_gmt":"2026-04-28T16:37:51","guid":{"rendered":"https:\/\/duasbarras.rj.gov.br\/site\/?p=1421"},"modified":"2026-04-28T13:37:51","modified_gmt":"2026-04-28T16:37:51","slug":"135-anos-de-emancipacao-politico-administrativa-de-duas-barras","status":"publish","type":"post","link":"https:\/\/duasbarras.rj.gov.br\/site\/135-anos-de-emancipacao-politico-administrativa-de-duas-barras\/","title":{"rendered":"135 anos de Emancipa\u00e7\u00e3o Pol\u00edtico-Administrativa de Duas Barras"},"content":{"rendered":"<p data-start=\"604\" data-end=\"832\">O Munic\u00edpio de Duas Barras celebra, neste m\u00eas de maio, o <strong>Anivers\u00e1rio de 135 anos de Emancipa\u00e7\u00e3o Pol\u00edtico-Administrativa,<\/strong> um marco hist\u00f3rico que representa a trajet\u00f3ria de desenvolvimento, cultura e identidade do povo bibarrense.<\/p>\n<p data-start=\"834\" data-end=\"1183\">A programa\u00e7\u00e3o comemorativa ser\u00e1 realizada entre os dias<strong> 08 e 10 de maio,<\/strong> reunindo uma s\u00e9rie de atividades culturais, art\u00edsticas e de lazer, voltadas para toda a popula\u00e7\u00e3o e visitantes. O evento integra o calend\u00e1rio oficial do munic\u00edpio e tem como objetivo fortalecer as tradi\u00e7\u00f5es locais, promover o acesso \u00e0 cultura e incentivar o turismo na regi\u00e3o.<\/p>\n<p data-start=\"1185\" data-end=\"1389\">Mais do que uma celebra\u00e7\u00e3o, a data simboliza o reconhecimento da hist\u00f3ria constru\u00edda ao longo de gera\u00e7\u00f5es, destacando o papel de cada cidad\u00e3o na constru\u00e7\u00e3o de uma cidade mais justa, acolhedora e pr\u00f3spera.<\/p>\n<p data-start=\"1391\" data-end=\"1635\" data-is-last-node=\"\" data-is-only-node=\"\">A Prefeitura de Duas Barras, por meio da Secretaria Municipal de Cultura e Turismo, convida toda a popula\u00e7\u00e3o a participar deste momento especial, celebrando juntos o orgulho de ser bibarrense e renovando o compromisso com o futuro do munic\u00edpio.<\/p>\n<p>_______<br \/>\n<strong>Prefeitura Municipal de Duas Barras<\/strong><br \/>\n<strong>Secretaria Cultura e Turismo<\/strong><\/p>\n","protected":false},"excerpt":{"rendered":"<p>O Munic\u00edpio de Duas Barras celebra, neste m\u00eas de maio, o Anivers\u00e1rio de 135 anos de Emancipa\u00e7\u00e3o Pol\u00edtico-Administrativa, um marco hist\u00f3rico que representa a trajet\u00f3ria de desenvolvimento, cultura e identidade do povo bibarrense. A programa\u00e7\u00e3o comemorativa ser\u00e1 realizada entre os dias 08 e 10 de maio, reunindo uma s\u00e9rie de atividades culturais, art\u00edsticas e de [&hellip;]<\/p>\n","protected":false},"author":2,"featured_media":1423,"comment_status":"open","ping_status":"open","sticky":false,"template":"","format":"standard","meta":{"footnotes":""},"categories":[17],"tags":[],"class_list":["post-1421","post","type-post","status-publish","format-standard","has-post-thumbnail","hentry","category-secretaria-de-cultura-e-turismo"],"_links":{"self":[{"href":"https:\/\/duasbarras.rj.gov.br\/site\/wp-json\/wp\/v2\/posts\/1421","targetHints":{"allow":["GET"]}}],"collection":[{"href":"https:\/\/duasbarras.rj.gov.br\/site\/wp-json\/wp\/v2\/posts"}],"about":[{"href":"https:\/\/duasbarras.rj.gov.br\/site\/wp-json\/wp\/v2\/types\/post"}],"author":[{"embeddable":true,"href":"https:\/\/duasbarras.rj.gov.br\/site\/wp-json\/wp\/v2\/users\/2"}],"replies":[{"embeddable":true,"href":"https:\/\/duasbarras.rj.gov.br\/site\/wp-json\/wp\/v2\/comments?post=1421"}],"version-history":[{"count":1,"href":"https:\/\/duasbarras.rj.gov.br\/site\/wp-json\/wp\/v2\/posts\/1421\/revisions"}],"predecessor-version":[{"id":1424,"href":"https:\/\/duasbarras.rj.gov.br\/site\/wp-json\/wp\/v2\/posts\/1421\/revisions\/1424"}],"wp:featuredmedia":[{"embeddable":true,"href":"https:\/\/duasbarras.rj.gov.br\/site\/wp-json\/wp\/v2\/media\/1423"}],"wp:attachment":[{"href":"https:\/\/duasbarras.rj.gov.br\/site\/wp-json\/wp\/v2\/media?parent=1421"}],"wp:term":[{"taxonomy":"category","embeddable":true,"href":"https:\/\/duasbarras.rj.gov.br\/site\/wp-json\/wp\/v2\/categories?post=1421"},{"taxonomy":"post_tag","embeddable":true,"href":"https:\/\/duasbarras.rj.gov.br\/site\/wp-json\/wp\/v2\/tags?post=1421"}],"curies":[{"name":"wp","href":"https:\/\/api.w.org\/{rel}","templated":true}]}}