{"id":1417,"date":"2026-04-25T17:54:53","date_gmt":"2026-04-25T20:54:53","guid":{"rendered":"https:\/\/duasbarras.rj.gov.br\/site\/?p=1417"},"modified":"2026-04-27T18:07:04","modified_gmt":"2026-04-27T21:07:04","slug":"1417-2","status":"publish","type":"post","link":"https:\/\/duasbarras.rj.gov.br\/site\/1417-2\/","title":{"rendered":"AGENERSA &#8211; Ouvidoria Itinerante em Duas Barras"},"content":{"rendered":"<p>OUVIDORIA ITINERANTE \u2013 AGENERSA EM DUAS BARRAS<\/p>\n<p>A Ag\u00eancia de Saneamento B\u00e1sico do Estado estar\u00e1 em Duas Barras com atendimento presencial \u00e0 popula\u00e7\u00e3o.<\/p>\n<p>Durante a a\u00e7\u00e3o, voc\u00ea poder\u00e1:<br \/>\n\u2714\ufe0f Registrar reclama\u00e7\u00f5es<br \/>\n\u2714\ufe0f Fazer solicita\u00e7\u00f5es<br \/>\n\u2714\ufe0f Enviar den\u00fancias<br \/>\n\u2714\ufe0f Dar sugest\u00f5es<br \/>\n\u2714\ufe0f Esclarecer d\u00favidas sobre o abastecimento de \u00e1gua da \u00c1guas do Rio<\/p>\n<p>A iniciativa aproxima a popula\u00e7\u00e3o do \u00f3rg\u00e3o regulador, fortalecendo a fiscaliza\u00e7\u00e3o e contribuindo para a melhoria dos servi\u00e7os no munic\u00edpio.<\/p>\n<p>\ud83d\udcc5 28 de abril (ter\u00e7a-feira)<br \/>\n\u23f0 Das 10h \u00e0s 17h<br \/>\n\ud83d\udccd Pra\u00e7a Governador Portela, 07 &#8211; Prefeitura de Duas Barras<\/p>\n<p>\ud83d\udcde Canais da AGENERSA:<br \/>\n0800 024 9040<br \/>\n(21) 2332-6457<br \/>\n\ud83d\udce7 ouvidoria@agenersa.rj.gov.br<\/p>\n<p>_______<br \/>\nPrefeitura Municipal de Duas Barras<br \/>\nSecretaria de Governo e Administra\u00e7\u00e3o<br \/>\nAGENERSA<br \/>\nAg\u00eancia Reguladora de Energia e Saneamento B\u00e1sico do Estado do Rio de Janeiro<\/p>\n","protected":false},"excerpt":{"rendered":"<p>OUVIDORIA ITINERANTE \u2013 AGENERSA EM DUAS BARRAS A Ag\u00eancia de Saneamento B\u00e1sico do Estado estar\u00e1 em Duas Barras com atendimento presencial \u00e0 popula\u00e7\u00e3o. Durante a a\u00e7\u00e3o, voc\u00ea poder\u00e1: \u2714\ufe0f Registrar reclama\u00e7\u00f5es \u2714\ufe0f Fazer solicita\u00e7\u00f5es \u2714\ufe0f Enviar den\u00fancias \u2714\ufe0f Dar sugest\u00f5es \u2714\ufe0f Esclarecer d\u00favidas sobre o abastecimento de \u00e1gua da \u00c1guas do Rio A iniciativa aproxima [&hellip;]<\/p>\n","protected":false},"author":2,"featured_media":1418,"comment_status":"open","ping_status":"open","sticky":false,"template":"","format":"standard","meta":{"footnotes":""},"categories":[3],"tags":[],"class_list":["post-1417","post","type-post","status-publish","format-standard","has-post-thumbnail","hentry","category-governo"],"_links":{"self":[{"href":"https:\/\/duasbarras.rj.gov.br\/site\/wp-json\/wp\/v2\/posts\/1417","targetHints":{"allow":["GET"]}}],"collection":[{"href":"https:\/\/duasbarras.rj.gov.br\/site\/wp-json\/wp\/v2\/posts"}],"about":[{"href":"https:\/\/duasbarras.rj.gov.br\/site\/wp-json\/wp\/v2\/types\/post"}],"author":[{"embeddable":true,"href":"https:\/\/duasbarras.rj.gov.br\/site\/wp-json\/wp\/v2\/users\/2"}],"replies":[{"embeddable":true,"href":"https:\/\/duasbarras.rj.gov.br\/site\/wp-json\/wp\/v2\/comments?post=1417"}],"version-history":[{"count":2,"href":"https:\/\/duasbarras.rj.gov.br\/site\/wp-json\/wp\/v2\/posts\/1417\/revisions"}],"predecessor-version":[{"id":1420,"href":"https:\/\/duasbarras.rj.gov.br\/site\/wp-json\/wp\/v2\/posts\/1417\/revisions\/1420"}],"wp:featuredmedia":[{"embeddable":true,"href":"https:\/\/duasbarras.rj.gov.br\/site\/wp-json\/wp\/v2\/media\/1418"}],"wp:attachment":[{"href":"https:\/\/duasbarras.rj.gov.br\/site\/wp-json\/wp\/v2\/media?parent=1417"}],"wp:term":[{"taxonomy":"category","embeddable":true,"href":"https:\/\/duasbarras.rj.gov.br\/site\/wp-json\/wp\/v2\/categories?post=1417"},{"taxonomy":"post_tag","embeddable":true,"href":"https:\/\/duasbarras.rj.gov.br\/site\/wp-json\/wp\/v2\/tags?post=1417"}],"curies":[{"name":"wp","href":"https:\/\/api.w.org\/{rel}","templated":true}]}}