{"id":1384,"date":"2026-03-12T09:58:34","date_gmt":"2026-03-12T12:58:34","guid":{"rendered":"https:\/\/duasbarras.rj.gov.br\/site\/?p=1384"},"modified":"2026-03-12T10:51:31","modified_gmt":"2026-03-12T13:51:31","slug":"credenciamento-de-expositores-7o-festival-do-aipim-com-torresmo","status":"publish","type":"post","link":"https:\/\/duasbarras.rj.gov.br\/site\/credenciamento-de-expositores-7o-festival-do-aipim-com-torresmo\/","title":{"rendered":"Credenciamento de Expositores \u2013 7\u00ba Festival do Aipim com Torresmo"},"content":{"rendered":"<p data-start=\"252\" data-end=\"516\">A Prefeitura Municipal de <span class=\"hover:entity-accent entity-underline inline cursor-pointer align-baseline\"><span class=\"whitespace-normal\">Duas Barras<\/span><\/span>, por meio da Secretaria Municipal de Cultura e Turismo, torna p\u00fablico o <strong data-start=\"388\" data-end=\"426\">Credenciamento P\u00fablico n\u00ba 003\/2026<\/strong> para expositores interessados em participar do <strong data-start=\"474\" data-end=\"515\"><span class=\"hover:entity-accent entity-underline inline cursor-pointer align-baseline\"><span class=\"whitespace-normal\">7\u00ba Festival do Aipim com Torresmo de Duas Barras<\/span><\/span><\/strong>.<\/p>\n<p data-start=\"518\" data-end=\"608\">O evento ser\u00e1 realizado <strong data-start=\"542\" data-end=\"583\">nos dias 10, 11 e 12 de abril de 2026<\/strong>, no centro do munic\u00edpio.<\/p>\n<h3 data-section-id=\"b8leby\" data-start=\"610\" data-end=\"634\">Per\u00edodo de inscri\u00e7\u00e3o<\/h3>\n<p data-start=\"635\" data-end=\"719\">As inscri\u00e7\u00f5es para o credenciamento estar\u00e3o abertas <strong data-start=\"687\" data-end=\"718\">de 10 a 20 de mar\u00e7o de 2026, das 10h00 \u00e0s 16h00.<\/strong><\/p>\n<h3 data-section-id=\"6go94z\" data-start=\"721\" data-end=\"745\">Quem pode participar<\/h3>\n<p data-start=\"746\" data-end=\"877\">Podem se credenciar <strong data-start=\"766\" data-end=\"829\">empreendedores e pessoas jur\u00eddicas do munic\u00edpio e da regi\u00e3o<\/strong> interessados em comercializar durante o evento:<\/p>\n<ul data-start=\"879\" data-end=\"943\">\n<li data-section-id=\"n2ebqr\" data-start=\"879\" data-end=\"909\">\n<p data-start=\"881\" data-end=\"909\">alimentos, pratos t\u00edpicos e bebidas<\/p>\n<\/li>\n<\/ul>\n<h3 data-section-id=\"mgeonh\" data-start=\"945\" data-end=\"972\">Sele\u00e7\u00e3o dos expositores<\/h3>\n<p data-start=\"973\" data-end=\"1056\">A sele\u00e7\u00e3o ser\u00e1 realizada por <strong data-start=\"1002\" data-end=\"1026\">sistema de pontua\u00e7\u00e3o<\/strong>, considerando crit\u00e9rios como:<\/p>\n<ul data-start=\"1058\" data-end=\"1292\">\n<li data-section-id=\"1e27w8x\" data-start=\"1058\" data-end=\"1126\">\n<p data-start=\"1060\" data-end=\"1126\">localiza\u00e7\u00e3o da empresa (prioridade para empresas de Duas Barras)<\/p>\n<\/li>\n<li data-section-id=\"s6vavh\" data-start=\"1127\" data-end=\"1179\">\n<p data-start=\"1129\" data-end=\"1179\">tempo de atividade e formaliza\u00e7\u00e3o do CNPJ ou MEI<\/p>\n<\/li>\n<li data-section-id=\"tasnk5\" data-start=\"1180\" data-end=\"1252\">\n<p data-start=\"1182\" data-end=\"1252\">participa\u00e7\u00e3o em edi\u00e7\u00f5es anteriores do festival ou eventos municipais<\/p>\n<\/li>\n<li data-section-id=\"3lbh7o\" data-start=\"1253\" data-end=\"1292\">\n<p data-start=\"1255\" data-end=\"1292\">regularidade fiscal com o munic\u00edpio<\/p>\n<\/li>\n<\/ul>\n<p data-start=\"1294\" data-end=\"1410\">Em caso de empate, ter\u00e3o prioridade empresas sediadas em Duas Barras, maior tempo de atividade e ordem de inscri\u00e7\u00e3o.<\/p>\n<h3 data-section-id=\"12yb39h\" data-start=\"1412\" data-end=\"1436\">Taxa de participa\u00e7\u00e3o<\/h3>\n<p data-start=\"1437\" data-end=\"1614\">O valor de participa\u00e7\u00e3o ser\u00e1 de <strong data-start=\"1469\" data-end=\"1502\">R$ 311,54 por ponto comercial<\/strong>, pago antecipadamente no setor de Tributa\u00e7\u00e3o, mediante emiss\u00e3o de <strong data-start=\"1569\" data-end=\"1613\">DAM (Documento de Arrecada\u00e7\u00e3o Municipal)<\/strong>.<\/p>\n<h3 data-section-id=\"csnsc2\" data-start=\"1616\" data-end=\"1637\">Regras principais<\/h3>\n<p data-start=\"1638\" data-end=\"1677\">Entre as normas do evento, destacam-se:<\/p>\n<ul data-start=\"1679\" data-end=\"2156\">\n<li data-section-id=\"n1td6f\" data-start=\"1679\" data-end=\"1798\">\n<p data-start=\"1681\" data-end=\"1798\">cada expositor dever\u00e1 oferecer <strong data-start=\"1712\" data-end=\"1744\">no m\u00ednimo 3 op\u00e7\u00f5es de pratos<\/strong>, contendo obrigatoriamente <strong data-start=\"1772\" data-end=\"1795\">aipim e carne su\u00edna<\/strong>;<\/p>\n<\/li>\n<li data-section-id=\"e5c7ru\" data-start=\"1799\" data-end=\"1859\">\n<p data-start=\"1801\" data-end=\"1859\">o <strong data-start=\"1803\" data-end=\"1856\">valor m\u00e1ximo por prato ou por\u00e7\u00e3o ser\u00e1 de R$ 80,00<\/strong>;<\/p>\n<\/li>\n<li data-section-id=\"sotohr\" data-start=\"1860\" data-end=\"1976\">\n<p data-start=\"1862\" data-end=\"1976\">\u00e9 <strong data-start=\"1864\" data-end=\"1919\">proibida a venda de bebidas em recipientes de vidro<\/strong>, conforme o <strong data-start=\"1932\" data-end=\"1973\"><span class=\"hover:entity-accent entity-underline inline cursor-pointer align-baseline\"><span class=\"whitespace-normal\">Decreto Municipal n\u00ba 1.386 de 26 de janeiro de 2007<\/span><\/span><\/strong>;<\/p>\n<\/li>\n<li data-section-id=\"2dpzu3\" data-start=\"1977\" data-end=\"2055\">\n<p data-start=\"1979\" data-end=\"2055\">as barracas dever\u00e3o seguir o <strong data-start=\"2008\" data-end=\"2052\">padr\u00e3o 3m x 3m definido pela organiza\u00e7\u00e3o;<\/strong><\/p>\n<\/li>\n<li data-section-id=\"2dpzu3\" data-start=\"1977\" data-end=\"2055\">\n<p data-start=\"1979\" data-end=\"2055\">A responsabilidade do <strong>aluguel, montagem e desmontagem da barraca<\/strong> ser\u00e1 se responsabilidade do expositor;<\/p>\n<\/li>\n<li data-section-id=\"kj4eho\" data-start=\"2056\" data-end=\"2156\">\n<p data-start=\"2058\" data-end=\"2156\">expositores dever\u00e3o cumprir <strong data-start=\"2086\" data-end=\"2155\">normas sanit\u00e1rias, de seguran\u00e7a alimentar e organiza\u00e7\u00e3o do evento<\/strong>.<\/p>\n<\/li>\n<\/ul>\n<h3 data-section-id=\"yozdry\" data-start=\"2158\" data-end=\"2187\">Hor\u00e1rios de funcionamento<\/h3>\n<p data-start=\"2189\" data-end=\"2359\"><strong data-start=\"2189\" data-end=\"2218\">10 de abril (sexta-feira)<\/strong> \u2013 abertura a partir das 17h<br data-start=\"2246\" data-end=\"2249\" \/><strong data-start=\"2249\" data-end=\"2273\">11 de abril (s\u00e1bado)<\/strong> \u2013 abertura a partir das 10h<br data-start=\"2301\" data-end=\"2304\" \/><strong data-start=\"2304\" data-end=\"2329\">12 de abril (domingo)<\/strong> \u2013 abertura a partir das 10h<\/p>\n<p data-start=\"2361\" data-end=\"2475\">O funcionamento poder\u00e1 ocorrer <strong data-start=\"2392\" data-end=\"2411\">at\u00e9 2h da manh\u00e3<\/strong>, exceto no \u00faltimo dia, cujo encerramento ser\u00e1 <strong data-start=\"2458\" data-end=\"2474\">\u00e0 meia-noite<\/strong>.<\/p>\n<h3 data-section-id=\"18x5xqo\" data-start=\"2477\" data-end=\"2501\">Regulamento completo<\/h3>\n<p data-start=\"2502\" data-end=\"2631\">Todas as regras, documenta\u00e7\u00e3o necess\u00e1ria e crit\u00e9rios de participa\u00e7\u00e3o est\u00e3o dispon\u00edveis no regulamento completo do credenciamento.<\/p>\n<p data-start=\"2633\" data-end=\"2717\">\ud83d\udc49 <strong data-start=\"2636\" data-end=\"2667\">Acesse o documento oficial:<\/strong><br data-start=\"2667\" data-end=\"2670\" \/><a href=\"https:\/\/www.diariomunicipal.com.br\/aemerj\/materia\/20056E46\/d4d065cc82de96debdc3a486ec1f34f7d4d065cc82de96debdc3a486ec1f34f7\">[LINK PARA O CREDENCIAMENTO \/ DECRETO COMPLETO]<\/a><\/p>\n<p data-start=\"2633\" data-end=\"2717\">Realiza\u00e7\u00e3o:<br \/>\nPrefeitura Municipal de Duas Barras<br \/>\nSecretaria de Cultura e Turismo<\/p>\n","protected":false},"excerpt":{"rendered":"<p>A Prefeitura Municipal de Duas Barras, por meio da Secretaria Municipal de Cultura e Turismo, torna p\u00fablico o Credenciamento P\u00fablico n\u00ba 003\/2026 para expositores interessados em participar do 7\u00ba Festival do Aipim com Torresmo de Duas Barras. O evento ser\u00e1 realizado nos dias 10, 11 e 12 de abril de 2026, no centro do munic\u00edpio. [&hellip;]<\/p>\n","protected":false},"author":2,"featured_media":1385,"comment_status":"open","ping_status":"open","sticky":false,"template":"","format":"standard","meta":{"footnotes":""},"categories":[17],"tags":[],"class_list":["post-1384","post","type-post","status-publish","format-standard","has-post-thumbnail","hentry","category-secretaria-de-cultura-e-turismo"],"_links":{"self":[{"href":"https:\/\/duasbarras.rj.gov.br\/site\/wp-json\/wp\/v2\/posts\/1384","targetHints":{"allow":["GET"]}}],"collection":[{"href":"https:\/\/duasbarras.rj.gov.br\/site\/wp-json\/wp\/v2\/posts"}],"about":[{"href":"https:\/\/duasbarras.rj.gov.br\/site\/wp-json\/wp\/v2\/types\/post"}],"author":[{"embeddable":true,"href":"https:\/\/duasbarras.rj.gov.br\/site\/wp-json\/wp\/v2\/users\/2"}],"replies":[{"embeddable":true,"href":"https:\/\/duasbarras.rj.gov.br\/site\/wp-json\/wp\/v2\/comments?post=1384"}],"version-history":[{"count":4,"href":"https:\/\/duasbarras.rj.gov.br\/site\/wp-json\/wp\/v2\/posts\/1384\/revisions"}],"predecessor-version":[{"id":1389,"href":"https:\/\/duasbarras.rj.gov.br\/site\/wp-json\/wp\/v2\/posts\/1384\/revisions\/1389"}],"wp:featuredmedia":[{"embeddable":true,"href":"https:\/\/duasbarras.rj.gov.br\/site\/wp-json\/wp\/v2\/media\/1385"}],"wp:attachment":[{"href":"https:\/\/duasbarras.rj.gov.br\/site\/wp-json\/wp\/v2\/media?parent=1384"}],"wp:term":[{"taxonomy":"category","embeddable":true,"href":"https:\/\/duasbarras.rj.gov.br\/site\/wp-json\/wp\/v2\/categories?post=1384"},{"taxonomy":"post_tag","embeddable":true,"href":"https:\/\/duasbarras.rj.gov.br\/site\/wp-json\/wp\/v2\/tags?post=1384"}],"curies":[{"name":"wp","href":"https:\/\/api.w.org\/{rel}","templated":true}]}}