{"id":1373,"date":"2026-03-09T18:16:39","date_gmt":"2026-03-09T21:16:39","guid":{"rendered":"https:\/\/duasbarras.rj.gov.br\/site\/?p=1373"},"modified":"2026-03-10T16:56:20","modified_gmt":"2026-03-10T19:56:20","slug":"garota-duas-barras-2026","status":"publish","type":"post","link":"https:\/\/duasbarras.rj.gov.br\/site\/garota-duas-barras-2026\/","title":{"rendered":"Inscri\u00e7\u00f5es abertas para o Garota Duas Barras 2026"},"content":{"rendered":"<p data-start=\"29\" data-end=\"177\">Est\u00e3o abertas as inscri\u00e7\u00f5es para a escolha da Garota Duas Barras 2026, que ter\u00e1 a honra de representar o munic\u00edpio em concursos de beleza da regi\u00e3o.<\/p>\n<p data-start=\"179\" data-end=\"367\">A grande escolha acontecer\u00e1 durante o <strong data-start=\"217\" data-end=\"254\">7\u00ba Festival do Aipim com Torresmo<\/strong>, um dos eventos mais tradicionais e aguardados da cidade, que ser\u00e1 realizado entre os dias <strong data-start=\"346\" data-end=\"366\">10 e 12 de abril<\/strong>.<\/p>\n<p data-start=\"369\" data-end=\"498\">Podem se inscrever candidatas com <strong data-start=\"403\" data-end=\"431\">idade entre 16 e 25 anos<\/strong>. Menores de idade dever\u00e3o apresentar autoriza\u00e7\u00e3o dos respons\u00e1veis.<\/p>\n<p data-start=\"500\" data-end=\"527\"><strong data-start=\"500\" data-end=\"527\">Documentos necess\u00e1rios:<\/strong><\/p>\n<ul data-start=\"528\" data-end=\"690\">\n<li data-section-id=\"ncjp2u\" data-start=\"528\" data-end=\"555\">\n<p data-start=\"530\" data-end=\"555\">Documento de identidade<\/p>\n<\/li>\n<li data-section-id=\"ibbt0r\" data-start=\"556\" data-end=\"585\">\n<p data-start=\"558\" data-end=\"585\">Comprovante de resid\u00eancia<\/p>\n<\/li>\n<li data-section-id=\"13ihfy5\" data-start=\"586\" data-end=\"640\">\n<p data-start=\"588\" data-end=\"640\">Autoriza\u00e7\u00e3o do respons\u00e1vel (para menores de idade)<\/p>\n<\/li>\n<li data-section-id=\"10wyigg\" data-start=\"641\" data-end=\"690\">\n<p data-start=\"643\" data-end=\"690\">Uma foto de corpo inteiro anexada \u00e0 inscri\u00e7\u00e3o<\/p>\n<\/li>\n<\/ul>\n<p data-start=\"692\" data-end=\"744\"><strong data-start=\"692\" data-end=\"718\">Per\u00edodo de inscri\u00e7\u00f5es:<\/strong><br data-start=\"718\" data-end=\"721\" \/>De <strong data-start=\"724\" data-end=\"744\">10 a 25 de mar\u00e7o<\/strong><\/p>\n<p data-start=\"746\" data-end=\"800\"><strong data-start=\"746\" data-end=\"756\">Local:<\/strong><br data-start=\"756\" data-end=\"759\" \/>Secretaria Municipal de Cultura e Turismo<\/p>\n<p data-start=\"802\" data-end=\"844\"><strong data-start=\"802\" data-end=\"818\">Informa\u00e7\u00f5es:<\/strong><br data-start=\"818\" data-end=\"821\" \/>Edn\u00e9a \u2013 (22) 99231-4419<\/p>\n<p data-start=\"846\" data-end=\"996\">Se voc\u00ea sonha em representar a beleza, o charme e a eleg\u00e2ncia da mulher bibarrense, esta \u00e9 a oportunidade de participar e viver esse momento especial.<\/p>\n<p data-start=\"998\" data-end=\"1082\">O regulamento completo est\u00e1 dispon\u00edvel na Secretaria Municipal de Cultura e Turismo.<\/p>\n<p data-start=\"1084\" data-end=\"1182\" data-is-last-node=\"\" data-is-only-node=\"\"><strong data-start=\"1084\" data-end=\"1099\">Realiza\u00e7\u00e3o:<\/strong><br data-start=\"1099\" data-end=\"1102\" \/>Prefeitura Municipal de Duas Barras<br data-start=\"1137\" data-end=\"1140\" \/>Secretaria Municipal de Cultura e Turismo.<\/p>\n","protected":false},"excerpt":{"rendered":"<p>Est\u00e3o abertas as inscri\u00e7\u00f5es para a escolha da Garota Duas Barras 2026, que ter\u00e1 a honra de representar o munic\u00edpio em concursos de beleza da regi\u00e3o. A grande escolha acontecer\u00e1 durante o 7\u00ba Festival do Aipim com Torresmo, um dos eventos mais tradicionais e aguardados da cidade, que ser\u00e1 realizado entre os dias 10 e [&hellip;]<\/p>\n","protected":false},"author":2,"featured_media":1374,"comment_status":"open","ping_status":"open","sticky":false,"template":"","format":"standard","meta":{"footnotes":""},"categories":[17],"tags":[],"class_list":["post-1373","post","type-post","status-publish","format-standard","has-post-thumbnail","hentry","category-secretaria-de-cultura-e-turismo"],"_links":{"self":[{"href":"https:\/\/duasbarras.rj.gov.br\/site\/wp-json\/wp\/v2\/posts\/1373","targetHints":{"allow":["GET"]}}],"collection":[{"href":"https:\/\/duasbarras.rj.gov.br\/site\/wp-json\/wp\/v2\/posts"}],"about":[{"href":"https:\/\/duasbarras.rj.gov.br\/site\/wp-json\/wp\/v2\/types\/post"}],"author":[{"embeddable":true,"href":"https:\/\/duasbarras.rj.gov.br\/site\/wp-json\/wp\/v2\/users\/2"}],"replies":[{"embeddable":true,"href":"https:\/\/duasbarras.rj.gov.br\/site\/wp-json\/wp\/v2\/comments?post=1373"}],"version-history":[{"count":2,"href":"https:\/\/duasbarras.rj.gov.br\/site\/wp-json\/wp\/v2\/posts\/1373\/revisions"}],"predecessor-version":[{"id":1381,"href":"https:\/\/duasbarras.rj.gov.br\/site\/wp-json\/wp\/v2\/posts\/1373\/revisions\/1381"}],"wp:featuredmedia":[{"embeddable":true,"href":"https:\/\/duasbarras.rj.gov.br\/site\/wp-json\/wp\/v2\/media\/1374"}],"wp:attachment":[{"href":"https:\/\/duasbarras.rj.gov.br\/site\/wp-json\/wp\/v2\/media?parent=1373"}],"wp:term":[{"taxonomy":"category","embeddable":true,"href":"https:\/\/duasbarras.rj.gov.br\/site\/wp-json\/wp\/v2\/categories?post=1373"},{"taxonomy":"post_tag","embeddable":true,"href":"https:\/\/duasbarras.rj.gov.br\/site\/wp-json\/wp\/v2\/tags?post=1373"}],"curies":[{"name":"wp","href":"https:\/\/api.w.org\/{rel}","templated":true}]}}