{"id":1360,"date":"2026-03-05T11:56:46","date_gmt":"2026-03-05T14:56:46","guid":{"rendered":"https:\/\/duasbarras.rj.gov.br\/site\/?p=1360"},"modified":"2026-03-05T11:56:54","modified_gmt":"2026-03-05T14:56:54","slug":"pesagem-obrigatoria-do-bolsa-familia-acontece-ate-25-de-junho","status":"publish","type":"post","link":"https:\/\/duasbarras.rj.gov.br\/site\/pesagem-obrigatoria-do-bolsa-familia-acontece-ate-25-de-junho\/","title":{"rendered":"Pesagem obrigat\u00f3ria do Bolsa Fam\u00edlia acontece at\u00e9 25 de junho"},"content":{"rendered":"<p data-start=\"0\" data-end=\"80\"><strong data-start=\"0\" data-end=\"80\">Pesagem obrigat\u00f3ria do Bolsa Fam\u00edlia acontece at\u00e9 25 de junho em Duas Barras<\/strong><\/p>\n<p data-start=\"82\" data-end=\"288\">A Prefeitura de Duas Barras, por meio da Secretaria Municipal de Sa\u00fade, informa que est\u00e1 sendo realizado o <strong data-start=\"189\" data-end=\"274\">acompanhamento obrigat\u00f3rio de pesagem dos benefici\u00e1rios do Programa Bolsa Fam\u00edlia<\/strong> no munic\u00edpio.<\/p>\n<p data-start=\"290\" data-end=\"475\">A pesagem \u00e9 uma etapa fundamental do acompanhamento de sa\u00fade exigido pelo programa e deve ser realizada dentro do per\u00edodo estabelecido para evitar a <strong data-start=\"439\" data-end=\"474\">suspens\u00e3o ou perda do benef\u00edcio<\/strong>.<\/p>\n<p data-start=\"477\" data-end=\"579\">O atendimento ocorre <strong data-start=\"498\" data-end=\"530\">de 02 de mar\u00e7o a 25 de junho<\/strong>, sempre <strong data-start=\"539\" data-end=\"556\">das 9h \u00e0s 15h<\/strong>, nos seguintes locais:<\/p>\n<ul data-start=\"580\" data-end=\"649\">\n<li data-start=\"580\" data-end=\"597\">\n<p data-start=\"582\" data-end=\"597\"><strong data-start=\"582\" data-end=\"597\">Policl\u00ednica<\/strong><\/p>\n<\/li>\n<li data-start=\"598\" data-end=\"619\">\n<p data-start=\"600\" data-end=\"619\"><strong data-start=\"600\" data-end=\"619\">PSF de Monnerat<\/strong><\/p>\n<\/li>\n<li data-start=\"620\" data-end=\"649\">\n<p data-start=\"622\" data-end=\"649\"><strong data-start=\"622\" data-end=\"649\">PSF de Fazenda do Campo<\/strong><\/p>\n<\/li>\n<\/ul>\n<p data-start=\"651\" data-end=\"729\">Para realizar o procedimento, \u00e9 necess\u00e1rio apresentar os seguintes documentos:<\/p>\n<ul data-start=\"730\" data-end=\"809\">\n<li data-start=\"730\" data-end=\"753\">\n<p data-start=\"732\" data-end=\"753\">Cart\u00e3o de Vacina\u00e7\u00e3o<\/p>\n<\/li>\n<li data-start=\"754\" data-end=\"761\">\n<p data-start=\"756\" data-end=\"761\">CPF<\/p>\n<\/li>\n<li data-start=\"762\" data-end=\"809\">\n<p data-start=\"764\" data-end=\"809\">Cart\u00e3o do Bolsa Fam\u00edlia com o n\u00famero do NIS<\/p>\n<\/li>\n<\/ul>\n<p data-start=\"811\" data-end=\"1042\">A Secretaria Municipal de Sa\u00fade refor\u00e7a a import\u00e2ncia de que todos os benefici\u00e1rios compare\u00e7am <strong data-start=\"906\" data-end=\"943\">no dia, hor\u00e1rio e local definidos<\/strong>, garantindo a atualiza\u00e7\u00e3o do acompanhamento de sa\u00fade e a continuidade do recebimento do benef\u00edcio.<\/p>\n<p data-start=\"1044\" data-end=\"1129\" data-is-last-node=\"\" data-is-only-node=\"\"><strong data-start=\"1044\" data-end=\"1059\">Realiza\u00e7\u00e3o:<\/strong><br data-start=\"1059\" data-end=\"1062\" \/>Prefeitura Municipal de Duas Barras<br data-start=\"1097\" data-end=\"1100\" \/>Secretaria Municipal de Sa\u00fade<\/p>\n","protected":false},"excerpt":{"rendered":"<p>Pesagem obrigat\u00f3ria do Bolsa Fam\u00edlia acontece at\u00e9 25 de junho em Duas Barras A Prefeitura de Duas Barras, por meio da Secretaria Municipal de Sa\u00fade, informa que est\u00e1 sendo realizado o acompanhamento obrigat\u00f3rio de pesagem dos benefici\u00e1rios do Programa Bolsa Fam\u00edlia no munic\u00edpio. A pesagem \u00e9 uma etapa fundamental do acompanhamento de sa\u00fade exigido pelo [&hellip;]<\/p>\n","protected":false},"author":2,"featured_media":1361,"comment_status":"open","ping_status":"open","sticky":false,"template":"","format":"standard","meta":{"footnotes":""},"categories":[7],"tags":[],"class_list":["post-1360","post","type-post","status-publish","format-standard","has-post-thumbnail","hentry","category-social"],"_links":{"self":[{"href":"https:\/\/duasbarras.rj.gov.br\/site\/wp-json\/wp\/v2\/posts\/1360","targetHints":{"allow":["GET"]}}],"collection":[{"href":"https:\/\/duasbarras.rj.gov.br\/site\/wp-json\/wp\/v2\/posts"}],"about":[{"href":"https:\/\/duasbarras.rj.gov.br\/site\/wp-json\/wp\/v2\/types\/post"}],"author":[{"embeddable":true,"href":"https:\/\/duasbarras.rj.gov.br\/site\/wp-json\/wp\/v2\/users\/2"}],"replies":[{"embeddable":true,"href":"https:\/\/duasbarras.rj.gov.br\/site\/wp-json\/wp\/v2\/comments?post=1360"}],"version-history":[{"count":1,"href":"https:\/\/duasbarras.rj.gov.br\/site\/wp-json\/wp\/v2\/posts\/1360\/revisions"}],"predecessor-version":[{"id":1362,"href":"https:\/\/duasbarras.rj.gov.br\/site\/wp-json\/wp\/v2\/posts\/1360\/revisions\/1362"}],"wp:featuredmedia":[{"embeddable":true,"href":"https:\/\/duasbarras.rj.gov.br\/site\/wp-json\/wp\/v2\/media\/1361"}],"wp:attachment":[{"href":"https:\/\/duasbarras.rj.gov.br\/site\/wp-json\/wp\/v2\/media?parent=1360"}],"wp:term":[{"taxonomy":"category","embeddable":true,"href":"https:\/\/duasbarras.rj.gov.br\/site\/wp-json\/wp\/v2\/categories?post=1360"},{"taxonomy":"post_tag","embeddable":true,"href":"https:\/\/duasbarras.rj.gov.br\/site\/wp-json\/wp\/v2\/tags?post=1360"}],"curies":[{"name":"wp","href":"https:\/\/api.w.org\/{rel}","templated":true}]}}